{"id":21645,"date":"2025-06-25T09:01:10","date_gmt":"2025-06-25T08:01:10","guid":{"rendered":"https:\/\/anpp.dz\/iso-90012015-vers-lexcellence-institutionnelle-lagence-nationale-des-produits-pharmaceutiques-adopte-un-systeme-de-management-de-la-qualite\/"},"modified":"2026-03-13T22:22:22","modified_gmt":"2026-03-13T21:22:22","slug":"iso-90012015-vers-lexcellence-institutionnelle-lagence-nationale-des-produits-pharmaceutiques-adopte-un-systeme-de-management-de-la-qualite","status":"publish","type":"post","link":"https:\/\/anpp.dz\/fr\/iso-90012015-vers-lexcellence-institutionnelle-lagence-nationale-des-produits-pharmaceutiques-adopte-un-systeme-de-management-de-la-qualite\/","title":{"rendered":"ISO 9001:2015 vers l\u2019excellence institutionnelle : L\u2019Agence nationale des produits pharmaceutiques adopte un syst\u00e8me de management de la qualit\u00e9."},"content":{"rendered":"\n<p>&nbsp;<\/p>\n\n\n\n<p class=\"has-text-align-right\">Conform\u00e9ment aux directives du ministre de l\u2019Industrie pharmaceutique, Dr Wassim Kouidri, et dans le cadre de l\u2019effort visant \u00e0 renforcer la performance institutionnelle selon les meilleures normes internationales, l\u2019Agence nationale des produits pharmaceutiques a le plaisir d\u2019annoncer l\u2019obtention de la certification de conformit\u00e9 \u00e0 la norme internationale ISO 9001:2015, suite \u00e0 une \u00e9valuation rigoureuse et compl\u00e8te r\u00e9alis\u00e9e par l\u2019organisme alg\u00e9rien d\u2019accr\u00e9ditation et d\u2019\u00e9valuation \u00ab Vera Conformit\u00e9 \u00bb.    <\/p>\n\n\n\n<p class=\"has-text-align-right\">Cette certification refl\u00e8te les valeurs fondamentales sur lesquelles l\u2019Agence s\u2019appuie, \u00e0 savoir : l\u2019engagement, la rigueur et l\u2019int\u00e9grit\u00e9, et constitue \u00e9galement une \u00e9tape importante dans le processus d\u2019am\u00e9lioration continue.   <\/p>\n\n\n\n<p class=\"has-text-align-right\">Cette r\u00e9ussite a \u00e9t\u00e9 rendue possible gr\u00e2ce au soutien du Directeur G\u00e9n\u00e9ral de l\u2019Agence nationale des produits pharmaceutiques, Dr Cherif Delih, et \u00e0 la synergie des efforts de toutes les \u00e9quipes. L\u2019Agence tient \u00e9galement \u00e0 souligner et \u00e0 appr\u00e9cier hautement les efforts fournis par l\u2019ensemble des cadres et employ\u00e9s ayant contribu\u00e9 \u00e0 cet accomplissement remarquable, dans le cadre d\u2019un plan de r\u00e9forme global visant \u00e0 d\u00e9velopper les comp\u00e9tences, \u00e0 ancrer une culture de l\u2019excellence et \u00e0 am\u00e9liorer la qualit\u00e9 des services de contr\u00f4le et de r\u00e9gulation.      <\/p>\n\n\n\n<p class=\"has-text-align-right\">La certification ISO 9001:2015 constitue une r\u00e9f\u00e9rence mondiale en mati\u00e8re de management de la qualit\u00e9, renfor\u00e7ant ainsi la position de l\u2019Agence en tant qu\u2019\u00e9tablissement public de premier plan, cherchant \u00e0 atteindre l\u2019efficacit\u00e9 et l\u2019excellence dans l\u2019ex\u00e9cution de ses missions. <\/p>\n\n\n\n<figure class=\"wp-block-gallery has-nested-images columns-default is-cropped wp-block-gallery-1 is-layout-flex wp-block-gallery-is-layout-flex\">\n<figure class=\"wp-block-image size-large\"><img loading=\"lazy\" decoding=\"async\" width=\"724\" height=\"1024\" data-id=\"20528\" class=\"wp-image-20528\" src=\"https:\/\/anpp.dz\/wp-content\/uploads\/2025\/06\/VERA-ANPP_CERTIFICAT_003_25-1-724x1024.jpg\" alt=\"\" srcset=\"https:\/\/anpp.dz\/wp-content\/uploads\/2025\/06\/VERA-ANPP_CERTIFICAT_003_25-1-724x1024.jpg 724w, https:\/\/anpp.dz\/wp-content\/uploads\/2025\/06\/VERA-ANPP_CERTIFICAT_003_25-1-212x300.jpg 212w, https:\/\/anpp.dz\/wp-content\/uploads\/2025\/06\/VERA-ANPP_CERTIFICAT_003_25-1-768x1086.jpg 768w, https:\/\/anpp.dz\/wp-content\/uploads\/2025\/06\/VERA-ANPP_CERTIFICAT_003_25-1-1086x1536.jpg 1086w, https:\/\/anpp.dz\/wp-content\/uploads\/2025\/06\/VERA-ANPP_CERTIFICAT_003_25-1-1448x2048.jpg 1448w, https:\/\/anpp.dz\/wp-content\/uploads\/2025\/06\/VERA-ANPP_CERTIFICAT_003_25-1-310x438.jpg 310w, https:\/\/anpp.dz\/wp-content\/uploads\/2025\/06\/VERA-ANPP_CERTIFICAT_003_25-1.jpg 1654w\" sizes=\"auto, (max-width: 724px) 100vw, 724px\" \/><\/figure>\n<\/figure>\n","protected":false},"excerpt":{"rendered":"<p>&nbsp; Conform\u00e9ment aux directives du ministre de l\u2019Industrie pharmaceutique, Dr Wassim Kouidri, et dans le cadre de l\u2019effort visant \u00e0 renforcer la performance institutionnelle selon les meilleures normes internationales, l\u2019Agence nationale des produits pharmaceutiques a le plaisir d\u2019annoncer l\u2019obtention de la certification de conformit\u00e9 \u00e0 la norme internationale ISO 9001:2015, suite \u00e0 une \u00e9valuation rigoureuse [&hellip;]<\/p>\n","protected":false},"author":3,"featured_media":20528,"comment_status":"closed","ping_status":"closed","sticky":false,"template":"","format":"standard","meta":{"footnotes":""},"categories":[277],"tags":[],"class_list":["post-21645","post","type-post","status-publish","format-standard","has-post-thumbnail","hentry","category-actualites"],"_links":{"self":[{"href":"https:\/\/anpp.dz\/fr\/wp-json\/wp\/v2\/posts\/21645","targetHints":{"allow":["GET"]}}],"collection":[{"href":"https:\/\/anpp.dz\/fr\/wp-json\/wp\/v2\/posts"}],"about":[{"href":"https:\/\/anpp.dz\/fr\/wp-json\/wp\/v2\/types\/post"}],"author":[{"embeddable":true,"href":"https:\/\/anpp.dz\/fr\/wp-json\/wp\/v2\/users\/3"}],"replies":[{"embeddable":true,"href":"https:\/\/anpp.dz\/fr\/wp-json\/wp\/v2\/comments?post=21645"}],"version-history":[{"count":1,"href":"https:\/\/anpp.dz\/fr\/wp-json\/wp\/v2\/posts\/21645\/revisions"}],"predecessor-version":[{"id":22117,"href":"https:\/\/anpp.dz\/fr\/wp-json\/wp\/v2\/posts\/21645\/revisions\/22117"}],"wp:featuredmedia":[{"embeddable":true,"href":"https:\/\/anpp.dz\/fr\/wp-json\/wp\/v2\/media\/20528"}],"wp:attachment":[{"href":"https:\/\/anpp.dz\/fr\/wp-json\/wp\/v2\/media?parent=21645"}],"wp:term":[{"taxonomy":"category","embeddable":true,"href":"https:\/\/anpp.dz\/fr\/wp-json\/wp\/v2\/categories?post=21645"},{"taxonomy":"post_tag","embeddable":true,"href":"https:\/\/anpp.dz\/fr\/wp-json\/wp\/v2\/tags?post=21645"}],"curies":[{"name":"wp","href":"https:\/\/api.w.org\/{rel}","templated":true}]}}