{"id":21643,"date":"2025-12-24T11:43:23","date_gmt":"2025-12-24T10:43:23","guid":{"rendered":"https:\/\/anpp.dz\/visite-de-terrain-de-plusieurs-pavillons-de-lexposition-dedies-au-secteur-de-lindustrie-pharmaceutique\/"},"modified":"2026-03-13T22:01:47","modified_gmt":"2026-03-13T21:01:47","slug":"visite-de-terrain-de-plusieurs-pavillons-de-lexposition-dedies-au-secteur-de-lindustrie-pharmaceutique","status":"publish","type":"post","link":"https:\/\/anpp.dz\/fr\/visite-de-terrain-de-plusieurs-pavillons-de-lexposition-dedies-au-secteur-de-lindustrie-pharmaceutique\/","title":{"rendered":"Visite de terrain de plusieurs pavillons de l\u2019exposition d\u00e9di\u00e9s au secteur de l\u2019industrie pharmaceutique."},"content":{"rendered":"\n<div dir=\"auto\"><span class=\"html-span xexx8yu xyri2b x18d9i69 x1c1uobl x1hl2dhg x16tdsg8 x1vvkbs x3nfvp2 x1j61x8r x1fcty0u xdj266r xat24cr xm2jcoa x1mpyi22 xxymvpz xlup9mm x1kky2od\"><br><br><img loading=\"lazy\" decoding=\"async\" class=\"xz74otr x15mokao x1ga7v0g x16uus16 xbiv7yw\" src=\"https:\/\/static.xx.fbcdn.net\/images\/emoji.php\/v9\/t4b\/2\/16\/1f4cc.png\" alt=\"\ud83d\udccc\" width=\"16\" height=\"16\"><\/span>Dans le cadre des activit\u00e9s de la 33\u1d49 \u00e9dition de la Foire de la Production Alg\u00e9rienne, organis\u00e9e au Palais des Expositions des Pins Maritimes sous le slogan \u00ab L\u2019Alg\u00e9rie construit son avenir \u00bb, le ministre de l\u2019Industrie pharmaceutique, Dr Wassim Kouidri, a effectu\u00e9, ce mercredi 24 d\u00e9cembre 2025, une visite de plusieurs pavillons de l\u2019exposition d\u00e9di\u00e9s au secteur de l\u2019industrie pharmaceutique.<br><br><\/div>\n<div dir=\"auto\"><span class=\"html-span xexx8yu xyri2b x18d9i69 x1c1uobl x1hl2dhg x16tdsg8 x1vvkbs x3nfvp2 x1j61x8r x1fcty0u xdj266r xat24cr xm2jcoa x1mpyi22 xxymvpz xlup9mm x1kky2od\"><img loading=\"lazy\" decoding=\"async\" class=\"xz74otr x15mokao x1ga7v0g x16uus16 xbiv7yw\" src=\"https:\/\/static.xx.fbcdn.net\/images\/emoji.php\/v9\/t4b\/2\/16\/1f4cc.png\" alt=\"\ud83d\udccc\" width=\"16\" height=\"16\"><\/span>Cette visite a permis \u00e0 Monsieur le Ministre de s\u2019informer sur les activit\u00e9s des entreprises exposantes, o\u00f9 il a \u00e9cout\u00e9 des explications d\u00e9taill\u00e9es concernant la nature de leurs activit\u00e9s, ainsi que leurs aspirations visant \u00e0 d\u00e9velopper la cha\u00eene de production et \u00e0 renforcer leur positionnement aux niveaux continental et international.<br><br><\/div>\n<div dir=\"auto\"><span class=\"html-span xexx8yu xyri2b x18d9i69 x1c1uobl x1hl2dhg x16tdsg8 x1vvkbs x3nfvp2 x1j61x8r x1fcty0u xdj266r xat24cr xm2jcoa x1mpyi22 xxymvpz xlup9mm x1kky2od\"><img loading=\"lazy\" decoding=\"async\" class=\"xz74otr x15mokao x1ga7v0g x16uus16 xbiv7yw\" src=\"https:\/\/static.xx.fbcdn.net\/images\/emoji.php\/v9\/t4b\/2\/16\/1f4cc.png\" alt=\"\ud83d\udccc\" width=\"16\" height=\"16\"><\/span>Dans ce contexte, Monsieur le Ministre a r\u00e9affirm\u00e9 l\u2019engagement du secteur \u00e0 accompagner l\u2019ensemble des op\u00e9rateurs \u00e9conomiques activant dans le domaine de l\u2019industrie pharmaceutique et des dispositifs m\u00e9dicaux, \u00e0 les encourager \u00e0 localiser leur production au niveau national, tout en \u0153uvrant \u00e0 la diversification des formes pharmaceutiques produites localement, \u00e0 suivre l\u2019\u00e9volution que conna\u00eet l\u2019industrie pharmaceutique \u00e0 l\u2019\u00e9chelle mondiale, et \u00e0 veiller \u00e0 l\u2019orientation des exc\u00e9dents de production vers l\u2019exportation.     <\/div>\n<figure class=\"wp-block-gallery has-nested-images columns-2 is-cropped\">\n<figure class=\"wp-block-image size-medium is-style-default\"><\/figure>\n<p><img loading=\"lazy\" decoding=\"async\" class=\"wp-image-21295 size-full aligncenter\" src=\"https:\/\/anpp.dz\/wp-content\/uploads\/2025\/12\/601990155_122163094304765467_5599833403942638852_n.jpg\" alt=\"\" width=\"1280\" height=\"853\" srcset=\"https:\/\/anpp.dz\/wp-content\/uploads\/2025\/12\/601990155_122163094304765467_5599833403942638852_n.jpg 1280w, https:\/\/anpp.dz\/wp-content\/uploads\/2025\/12\/601990155_122163094304765467_5599833403942638852_n-300x200.jpg 300w, https:\/\/anpp.dz\/wp-content\/uploads\/2025\/12\/601990155_122163094304765467_5599833403942638852_n-1024x682.jpg 1024w, https:\/\/anpp.dz\/wp-content\/uploads\/2025\/12\/601990155_122163094304765467_5599833403942638852_n-768x512.jpg 768w, https:\/\/anpp.dz\/wp-content\/uploads\/2025\/12\/601990155_122163094304765467_5599833403942638852_n-310x207.jpg 310w\" sizes=\"auto, (max-width: 1280px) 100vw, 1280px\" \/><\/p>\n<\/figure>\n<p><img loading=\"lazy\" decoding=\"async\" class=\"aligncenter wp-image-21299 size-full\" src=\"https:\/\/anpp.dz\/wp-content\/uploads\/2025\/12\/606027201_122163092720765467_2916122250198256649_n.jpg\" alt=\"\" width=\"1280\" height=\"853\" srcset=\"https:\/\/anpp.dz\/wp-content\/uploads\/2025\/12\/606027201_122163092720765467_2916122250198256649_n.jpg 1280w, https:\/\/anpp.dz\/wp-content\/uploads\/2025\/12\/606027201_122163092720765467_2916122250198256649_n-300x200.jpg 300w, https:\/\/anpp.dz\/wp-content\/uploads\/2025\/12\/606027201_122163092720765467_2916122250198256649_n-1024x682.jpg 1024w, https:\/\/anpp.dz\/wp-content\/uploads\/2025\/12\/606027201_122163092720765467_2916122250198256649_n-768x512.jpg 768w, https:\/\/anpp.dz\/wp-content\/uploads\/2025\/12\/606027201_122163092720765467_2916122250198256649_n-310x207.jpg 310w\" sizes=\"auto, (max-width: 1280px) 100vw, 1280px\" \/><\/p>\n<p>&nbsp;<\/p>\n<figure class=\"wp-block-gallery has-nested-images columns-2 is-cropped\">\n<figure class=\"wp-block-image size-medium\"><\/figure>\n<\/figure>\n","protected":false},"excerpt":{"rendered":"<p>Dans le cadre des activit\u00e9s de la 33\u1d49 \u00e9dition de la Foire de la Production Alg\u00e9rienne, organis\u00e9e au Palais des Expositions des Pins Maritimes sous le slogan \u00ab L\u2019Alg\u00e9rie construit son avenir \u00bb, le ministre de l\u2019Industrie pharmaceutique, Dr Wassim Kouidri, a effectu\u00e9, ce mercredi 24 d\u00e9cembre 2025, une visite de plusieurs pavillons de l\u2019exposition [&hellip;]<\/p>\n","protected":false},"author":7,"featured_media":21301,"comment_status":"closed","ping_status":"closed","sticky":false,"template":"","format":"standard","meta":{"footnotes":""},"categories":[277],"tags":[],"class_list":["post-21643","post","type-post","status-publish","format-standard","has-post-thumbnail","hentry","category-actualites"],"_links":{"self":[{"href":"https:\/\/anpp.dz\/fr\/wp-json\/wp\/v2\/posts\/21643","targetHints":{"allow":["GET"]}}],"collection":[{"href":"https:\/\/anpp.dz\/fr\/wp-json\/wp\/v2\/posts"}],"about":[{"href":"https:\/\/anpp.dz\/fr\/wp-json\/wp\/v2\/types\/post"}],"author":[{"embeddable":true,"href":"https:\/\/anpp.dz\/fr\/wp-json\/wp\/v2\/users\/7"}],"replies":[{"embeddable":true,"href":"https:\/\/anpp.dz\/fr\/wp-json\/wp\/v2\/comments?post=21643"}],"version-history":[{"count":1,"href":"https:\/\/anpp.dz\/fr\/wp-json\/wp\/v2\/posts\/21643\/revisions"}],"predecessor-version":[{"id":22105,"href":"https:\/\/anpp.dz\/fr\/wp-json\/wp\/v2\/posts\/21643\/revisions\/22105"}],"wp:featuredmedia":[{"embeddable":true,"href":"https:\/\/anpp.dz\/fr\/wp-json\/wp\/v2\/media\/21301"}],"wp:attachment":[{"href":"https:\/\/anpp.dz\/fr\/wp-json\/wp\/v2\/media?parent=21643"}],"wp:term":[{"taxonomy":"category","embeddable":true,"href":"https:\/\/anpp.dz\/fr\/wp-json\/wp\/v2\/categories?post=21643"},{"taxonomy":"post_tag","embeddable":true,"href":"https:\/\/anpp.dz\/fr\/wp-json\/wp\/v2\/tags?post=21643"}],"curies":[{"name":"wp","href":"https:\/\/api.w.org\/{rel}","templated":true}]}}