{"id":18979,"date":"2024-04-19T15:11:00","date_gmt":"2024-04-19T14:11:00","guid":{"rendered":"https:\/\/anpp.dz\/?p=18979"},"modified":"2024-05-08T10:34:14","modified_gmt":"2024-05-08T09:34:14","slug":"reunion-preliminaire-sur-linitiative-dharmonisation-de-la-reglementation-des-medicaments-en-afrique-du-nord-na-mrh-a-tunis-en-tunisie-le-16-17-18-avril-2024","status":"publish","type":"post","link":"https:\/\/anpp.dz\/fr\/reunion-preliminaire-sur-linitiative-dharmonisation-de-la-reglementation-des-medicaments-en-afrique-du-nord-na-mrh-a-tunis-en-tunisie-le-16-17-18-avril-2024\/","title":{"rendered":"R\u00e9union pr\u00e9liminaire sur l\u2019Initiative d\u2019Harmonisation de la R\u00e9glementation des M\u00e9dicaments en Afrique du Nord (NA-MRH) \u00e0 Tunis, en Tunisie, le 16-17-18 avril 2024."},"content":{"rendered":"\n<p><img loading=\"lazy\" decoding=\"async\" height=\"16\" width=\"16\" src=\"https:\/\/static.xx.fbcdn.net\/images\/emoji.php\/v9\/tf4\/1\/16\/2728.png\" alt=\"\u2728\"> L\u2019Agence Nationale des Produits Pharmaceutiques a particip\u00e9 a la r\u00e9union pr\u00e9liminaire sur l\u2019Initiative d\u2019Harmonisation de la R\u00e9glementation des M\u00e9dicaments en Afrique du Nord (NA-MRH) qui s&#8217;est tenue \u00e0 Tunis, en Tunisie, le 16-17-18 avril 2024. <\/p>\n\n\n\n<p><img loading=\"lazy\" decoding=\"async\" height=\"16\" width=\"16\" src=\"https:\/\/static.xx.fbcdn.net\/images\/emoji.php\/v9\/tf4\/1\/16\/2728.png\" alt=\"\u2728\"> L\u2019objectif principal de cette r\u00e9union \u00e9tait de r\u00e9fl\u00e9chir sur les strat\u00e9gies et les modalit\u00e9s de mise en \u0153uvre de l\u2019Harmonisation de la R\u00e9glementation des M\u00e9dicaments en Afrique du Nord. <\/p>\n\n\n\n<p>Les objectifs sp\u00e9cifiques \u00e9taient comme suivants :<\/p>\n\n\n\n<ul class=\"wp-block-list\">\n<li> Sensibiliser aux objectifs, aux r\u00e9alisations et aux d\u00e9fis de l\u2019initiative AMRH.<\/li>\n\n\n\n<li> Discuter des progr\u00e8s accomplis dans l\u2019op\u00e9rationnalisation de l\u2019AMA, des pr\u00e9paratifs techniques et des contributions attendues des ARN d\u2019Afrique du Nord (AN) aux activit\u00e9s et structures de l\u2019AMA. <\/li>\n\n\n\n<li>Convenir du cadre, du processus et de la feuille de route pour la mise en place de l\u2019initiative MRH de l\u2019Afrique du Nord (NA-MRH).<\/li>\n<\/ul>\n\n\n\n<figure class=\"wp-block-gallery has-nested-images columns-default is-cropped wp-block-gallery-1 is-layout-flex wp-block-gallery-is-layout-flex\">\n<figure class=\"wp-block-image size-large\"><img loading=\"lazy\" decoding=\"async\" width=\"1024\" height=\"682\" data-id=\"18982\" src=\"https:\/\/anpp.dz\/wp-content\/uploads\/2024\/04\/Preliminaire-03-1024x682.jpg\" alt=\"\" class=\"wp-image-18982\" srcset=\"https:\/\/anpp.dz\/wp-content\/uploads\/2024\/04\/Preliminaire-03-1024x682.jpg 1024w, https:\/\/anpp.dz\/wp-content\/uploads\/2024\/04\/Preliminaire-03-300x200.jpg 300w, https:\/\/anpp.dz\/wp-content\/uploads\/2024\/04\/Preliminaire-03-768x512.jpg 768w, https:\/\/anpp.dz\/wp-content\/uploads\/2024\/04\/Preliminaire-03-1536x1023.jpg 1536w, https:\/\/anpp.dz\/wp-content\/uploads\/2024\/04\/Preliminaire-03-310x207.jpg 310w, https:\/\/anpp.dz\/wp-content\/uploads\/2024\/04\/Preliminaire-03.jpg 1600w\" sizes=\"auto, (max-width: 1024px) 100vw, 1024px\" \/><\/figure>\n\n\n\n<figure class=\"wp-block-image size-large\"><img loading=\"lazy\" decoding=\"async\" width=\"1024\" height=\"682\" data-id=\"18981\" src=\"https:\/\/anpp.dz\/wp-content\/uploads\/2024\/04\/Preliminaire-01-1024x682.jpg\" alt=\"\" class=\"wp-image-18981\" srcset=\"https:\/\/anpp.dz\/wp-content\/uploads\/2024\/04\/Preliminaire-01-1024x682.jpg 1024w, https:\/\/anpp.dz\/wp-content\/uploads\/2024\/04\/Preliminaire-01-300x200.jpg 300w, https:\/\/anpp.dz\/wp-content\/uploads\/2024\/04\/Preliminaire-01-768x512.jpg 768w, https:\/\/anpp.dz\/wp-content\/uploads\/2024\/04\/Preliminaire-01-1536x1023.jpg 1536w, https:\/\/anpp.dz\/wp-content\/uploads\/2024\/04\/Preliminaire-01-310x207.jpg 310w, https:\/\/anpp.dz\/wp-content\/uploads\/2024\/04\/Preliminaire-01.jpg 1600w\" sizes=\"auto, (max-width: 1024px) 100vw, 1024px\" \/><\/figure>\n\n\n\n<figure class=\"wp-block-image size-large\"><img loading=\"lazy\" decoding=\"async\" width=\"1024\" height=\"682\" data-id=\"18980\" src=\"https:\/\/anpp.dz\/wp-content\/uploads\/2024\/04\/Preliminaire-02-1024x682.jpg\" alt=\"\" class=\"wp-image-18980\" srcset=\"https:\/\/anpp.dz\/wp-content\/uploads\/2024\/04\/Preliminaire-02-1024x682.jpg 1024w, https:\/\/anpp.dz\/wp-content\/uploads\/2024\/04\/Preliminaire-02-300x200.jpg 300w, https:\/\/anpp.dz\/wp-content\/uploads\/2024\/04\/Preliminaire-02-768x512.jpg 768w, https:\/\/anpp.dz\/wp-content\/uploads\/2024\/04\/Preliminaire-02-1536x1023.jpg 1536w, https:\/\/anpp.dz\/wp-content\/uploads\/2024\/04\/Preliminaire-02-310x207.jpg 310w, https:\/\/anpp.dz\/wp-content\/uploads\/2024\/04\/Preliminaire-02.jpg 1600w\" sizes=\"auto, (max-width: 1024px) 100vw, 1024px\" \/><\/figure>\n\n\n\n<figure class=\"wp-block-image size-large\"><img loading=\"lazy\" decoding=\"async\" width=\"1024\" height=\"682\" data-id=\"18983\" src=\"https:\/\/anpp.dz\/wp-content\/uploads\/2024\/04\/Preliminaire-04-1024x682.jpg\" alt=\"\" class=\"wp-image-18983\" srcset=\"https:\/\/anpp.dz\/wp-content\/uploads\/2024\/04\/Preliminaire-04-1024x682.jpg 1024w, https:\/\/anpp.dz\/wp-content\/uploads\/2024\/04\/Preliminaire-04-300x200.jpg 300w, https:\/\/anpp.dz\/wp-content\/uploads\/2024\/04\/Preliminaire-04-768x512.jpg 768w, https:\/\/anpp.dz\/wp-content\/uploads\/2024\/04\/Preliminaire-04-1536x1023.jpg 1536w, https:\/\/anpp.dz\/wp-content\/uploads\/2024\/04\/Preliminaire-04-310x207.jpg 310w, https:\/\/anpp.dz\/wp-content\/uploads\/2024\/04\/Preliminaire-04.jpg 1600w\" sizes=\"auto, (max-width: 1024px) 100vw, 1024px\" \/><\/figure>\n<\/figure>\n","protected":false},"excerpt":{"rendered":"<p>L\u2019Agence Nationale des Produits Pharmaceutiques a particip\u00e9 a la r\u00e9union pr\u00e9liminaire sur l\u2019Initiative d\u2019Harmonisation de la R\u00e9glementation des M\u00e9dicaments en Afrique du Nord (NA-MRH) qui s&#8217;est tenue \u00e0 Tunis, en Tunisie, le 16-17-18 avril 2024. L\u2019objectif principal de cette r\u00e9union \u00e9tait de r\u00e9fl\u00e9chir sur les strat\u00e9gies et les modalit\u00e9s de mise en \u0153uvre de l\u2019Harmonisation [&hellip;]<\/p>\n","protected":false},"author":3,"featured_media":18983,"comment_status":"open","ping_status":"open","sticky":false,"template":"","format":"standard","meta":{"footnotes":""},"categories":[303],"tags":[193,194],"class_list":["post-18979","post","type-post","status-publish","format-standard","has-post-thumbnail","hentry","category-non-classe","tag-reunion","tag-tunisie"],"_links":{"self":[{"href":"https:\/\/anpp.dz\/fr\/wp-json\/wp\/v2\/posts\/18979","targetHints":{"allow":["GET"]}}],"collection":[{"href":"https:\/\/anpp.dz\/fr\/wp-json\/wp\/v2\/posts"}],"about":[{"href":"https:\/\/anpp.dz\/fr\/wp-json\/wp\/v2\/types\/post"}],"author":[{"embeddable":true,"href":"https:\/\/anpp.dz\/fr\/wp-json\/wp\/v2\/users\/3"}],"replies":[{"embeddable":true,"href":"https:\/\/anpp.dz\/fr\/wp-json\/wp\/v2\/comments?post=18979"}],"version-history":[{"count":2,"href":"https:\/\/anpp.dz\/fr\/wp-json\/wp\/v2\/posts\/18979\/revisions"}],"predecessor-version":[{"id":19417,"href":"https:\/\/anpp.dz\/fr\/wp-json\/wp\/v2\/posts\/18979\/revisions\/19417"}],"wp:featuredmedia":[{"embeddable":true,"href":"https:\/\/anpp.dz\/fr\/wp-json\/wp\/v2\/media\/18983"}],"wp:attachment":[{"href":"https:\/\/anpp.dz\/fr\/wp-json\/wp\/v2\/media?parent=18979"}],"wp:term":[{"taxonomy":"category","embeddable":true,"href":"https:\/\/anpp.dz\/fr\/wp-json\/wp\/v2\/categories?post=18979"},{"taxonomy":"post_tag","embeddable":true,"href":"https:\/\/anpp.dz\/fr\/wp-json\/wp\/v2\/tags?post=18979"}],"curies":[{"name":"wp","href":"https:\/\/api.w.org\/{rel}","templated":true}]}}