{"id":18721,"date":"2023-11-08T17:47:00","date_gmt":"2023-11-08T16:47:00","guid":{"rendered":"https:\/\/anpp.dz\/?p=18721"},"modified":"2026-02-24T11:42:19","modified_gmt":"2026-02-24T10:42:19","slug":"reunion-anpp-pnud","status":"publish","type":"post","link":"https:\/\/anpp.dz\/fr\/reunion-anpp-pnud\/","title":{"rendered":"R\u00e9union ANPP-PNUD:"},"content":{"rendered":"\n<p>Dans le cadre du projet : \u00ab Appui aux secteurs de la sant\u00e9 et de l\u2019industrie pharmaceutique dans la lutte contre le Covid 19 \u00bb, une mission d\u2019\u00e9valuation du bailleur de fond la KERDITANSTALT FUR WIEDERAUFBAU (KFW) a \u00e9t\u00e9 organis\u00e9e le <strong>08\/11\/2023<\/strong> au si\u00e8ge de l\u2019ANPP.<\/p>\n\n\n\n<p>\u00c9taient pr\u00e9sents \u00e0 cette rencontre&nbsp;:<\/p>\n\n\n\n<ul class=\"wp-block-list\">\n<li>Monsieur Ch\u00e9rif DELIH, Directeur G\u00e9n\u00e9ral de l\u2019ANPP&nbsp;;<\/li>\n<\/ul>\n\n\n\n<ul class=\"wp-block-list\">\n<li>Monsieur Michael REICH, charg\u00e9 du portefeuille au sein de la KFW&nbsp;;<\/li>\n<\/ul>\n\n\n\n<ul class=\"wp-block-list\">\n<li>les membres du programme des Nations Unies pour le D\u00e9veloppement (PNUD)&nbsp;;<\/li>\n<\/ul>\n\n\n\n<ul class=\"wp-block-list\">\n<li>les &nbsp;cadres de l\u2019ANPP.<\/li>\n<\/ul>\n\n\n\n<p>La rencontre avait pour but d&#8217;\u00e9valuer le degr\u00e9 d&#8217;atteinte des objectifs du projet avec les utilisateurs finaux, \u00e0 savoir les chefs de services et mesurer les impacts du projet et ses retomb\u00e9es concr\u00e8tes dont les indicateurs s&#8217;av\u00e8rent \u00eatre positifs sur le travail quotidien notamment des laboratoires de l&#8217;ANPP.<\/p>\n\n\n\n<div class=\"wp-block-columns is-layout-flex wp-container-core-columns-is-layout-9d6595d7 wp-block-columns-is-layout-flex\">\n<div class=\"wp-block-column is-layout-flow wp-block-column-is-layout-flow\">\n<figure class=\"wp-block-image size-large is-resized\"><img loading=\"lazy\" decoding=\"async\" width=\"1024\" height=\"442\" src=\"https:\/\/anpp.dz\/wp-content\/uploads\/2023\/11\/20231109_160327-1-1024x442.jpg\" alt=\"\" class=\"wp-image-18724\" style=\"aspect-ratio:2.316742081447964;width:841px;height:auto\" srcset=\"https:\/\/anpp.dz\/wp-content\/uploads\/2023\/11\/20231109_160327-1-1024x442.jpg 1024w, https:\/\/anpp.dz\/wp-content\/uploads\/2023\/11\/20231109_160327-1-300x130.jpg 300w, https:\/\/anpp.dz\/wp-content\/uploads\/2023\/11\/20231109_160327-1-768x332.jpg 768w, https:\/\/anpp.dz\/wp-content\/uploads\/2023\/11\/20231109_160327-1-1536x663.jpg 1536w, https:\/\/anpp.dz\/wp-content\/uploads\/2023\/11\/20231109_160327-1-2048x884.jpg 2048w, https:\/\/anpp.dz\/wp-content\/uploads\/2023\/11\/20231109_160327-1-310x134.jpg 310w\" sizes=\"auto, (max-width: 1024px) 100vw, 1024px\" \/><\/figure>\n\n\n\n<figure class=\"wp-block-image size-large is-resized\"><img loading=\"lazy\" decoding=\"async\" width=\"1024\" height=\"606\" src=\"https:\/\/anpp.dz\/wp-content\/uploads\/2023\/11\/IMG_2021-min-1024x606.jpg\" alt=\"\" class=\"wp-image-18726\" style=\"aspect-ratio:2.316742081447964;width:841px;height:auto\" srcset=\"https:\/\/anpp.dz\/wp-content\/uploads\/2023\/11\/IMG_2021-min-1024x606.jpg 1024w, https:\/\/anpp.dz\/wp-content\/uploads\/2023\/11\/IMG_2021-min-300x178.jpg 300w, https:\/\/anpp.dz\/wp-content\/uploads\/2023\/11\/IMG_2021-min-768x455.jpg 768w, https:\/\/anpp.dz\/wp-content\/uploads\/2023\/11\/IMG_2021-min-1536x910.jpg 1536w, https:\/\/anpp.dz\/wp-content\/uploads\/2023\/11\/IMG_2021-min-2048x1213.jpg 2048w, https:\/\/anpp.dz\/wp-content\/uploads\/2023\/11\/IMG_2021-min-310x184.jpg 310w\" sizes=\"auto, (max-width: 1024px) 100vw, 1024px\" \/><\/figure>\n<\/div>\n<\/div>\n","protected":false},"excerpt":{"rendered":"<p>Dans le cadre du projet : \u00ab Appui aux secteurs de la sant\u00e9 et de l\u2019industrie pharmaceutique dans la lutte contre le Covid 19 \u00bb, une mission d\u2019\u00e9valuation du bailleur de fond la KERDITANSTALT FUR WIEDERAUFBAU (KFW) a \u00e9t\u00e9 organis\u00e9e le 08\/11\/2023 au si\u00e8ge de l\u2019ANPP. \u00c9taient pr\u00e9sents \u00e0 cette rencontre&nbsp;: La rencontre avait pour [&hellip;]<\/p>\n","protected":false},"author":3,"featured_media":18723,"comment_status":"open","ping_status":"open","sticky":false,"template":"","format":"standard","meta":{"footnotes":""},"categories":[303],"tags":[138,137],"class_list":["post-18721","post","type-post","status-publish","format-standard","has-post-thumbnail","hentry","category-non-classe","tag-anpp","tag-pnud"],"_links":{"self":[{"href":"https:\/\/anpp.dz\/fr\/wp-json\/wp\/v2\/posts\/18721","targetHints":{"allow":["GET"]}}],"collection":[{"href":"https:\/\/anpp.dz\/fr\/wp-json\/wp\/v2\/posts"}],"about":[{"href":"https:\/\/anpp.dz\/fr\/wp-json\/wp\/v2\/types\/post"}],"author":[{"embeddable":true,"href":"https:\/\/anpp.dz\/fr\/wp-json\/wp\/v2\/users\/3"}],"replies":[{"embeddable":true,"href":"https:\/\/anpp.dz\/fr\/wp-json\/wp\/v2\/comments?post=18721"}],"version-history":[{"count":3,"href":"https:\/\/anpp.dz\/fr\/wp-json\/wp\/v2\/posts\/18721\/revisions"}],"predecessor-version":[{"id":20812,"href":"https:\/\/anpp.dz\/fr\/wp-json\/wp\/v2\/posts\/18721\/revisions\/20812"}],"wp:featuredmedia":[{"embeddable":true,"href":"https:\/\/anpp.dz\/fr\/wp-json\/wp\/v2\/media\/18723"}],"wp:attachment":[{"href":"https:\/\/anpp.dz\/fr\/wp-json\/wp\/v2\/media?parent=18721"}],"wp:term":[{"taxonomy":"category","embeddable":true,"href":"https:\/\/anpp.dz\/fr\/wp-json\/wp\/v2\/categories?post=18721"},{"taxonomy":"post_tag","embeddable":true,"href":"https:\/\/anpp.dz\/fr\/wp-json\/wp\/v2\/tags?post=18721"}],"curies":[{"name":"wp","href":"https:\/\/api.w.org\/{rel}","templated":true}]}}