{"id":18432,"date":"2023-06-09T17:00:00","date_gmt":"2023-06-09T16:00:00","guid":{"rendered":"https:\/\/anpp.dz\/?p=18432"},"modified":"2023-06-19T10:57:11","modified_gmt":"2023-06-19T09:57:11","slug":"appui-aux-secteurs-de-la-sante-et-de-lindustrie-pharmaceutique-dans-la-lutte-contre-la-covid-19","status":"publish","type":"post","link":"https:\/\/anpp.dz\/fr\/appui-aux-secteurs-de-la-sante-et-de-lindustrie-pharmaceutique-dans-la-lutte-contre-la-covid-19\/","title":{"rendered":"Appui aux secteurs de la Sant\u00e9 et de l\u2019industrie Pharmaceutique dans la lutte contre La Covid-19:"},"content":{"rendered":"<div class=\"wp-block-image\">\n<figure class=\"alignleft size-large is-resized\"><img loading=\"lazy\" decoding=\"async\" src=\"https:\/\/anpp.dz\/wp-content\/uploads\/2023\/06\/IMG_1752-1024x941.jpg\" alt=\"\" class=\"wp-image-18433\" width=\"262\" height=\"239\" \/><\/figure>\n<\/div>\n\n\n<p>    Dans le cadre du projet \u00abAppui aux secteurs de la Sant\u00e9 et de l\u2019industrie Pharmaceutique dans la lutte contre La Covid-19\u00bb financ\u00e9 par le gouvernement f\u00e9d\u00e9ral d\u2019Allemagne et pilot\u00e9 par le PNUD Alg\u00e9rie, visant la r\u00e9habilitation des salles blanches de l\u2019Agence Nationale des Produits Pharmaceutiques, une r\u00e9union s\u2019est tenue hier le 08 juin 2023, au si\u00e8ge de l\u2019ANPP, en pr\u00e9sence de:<\/p>\n\n\n\n<p>&#8211; Madame Elisabeth WOLBERS, Ambassadeur d\u2019Allemagne,<\/p>\n\n\n\n<p>&#8211; Madame Blerta ALIKO, repr\u00e9sentante r\u00e9sidente <a><\/a>du PNUD en Alg\u00e9rie ;<\/p>\n\n\n\n<p>&#8211; Monsieur Cherif DELIH, Directeur G\u00e9n\u00e9ral de l\u2019Agence Nationale des Produits Pharmaceutiques et Directeur National du Projet ;<\/p>\n\n\n\n<p>&#8211; Madame ADDA ABOU Leila, Repr\u00e9sentante du Ministre charg\u00e9 de l\u2019Industrie et la Production Pharmaceutique ;<\/p>\n\n\n\n<p>&#8211; Les repr\u00e9sentants du PNUD Alg\u00e9rie ;<\/p>\n\n\n\n<p>&#8211; Les repr\u00e9sentants de L\u2019ANPP ;<\/p>\n\n\n\n<p>    A cette occasion, le Directeur G\u00e9n\u00e9ral de l\u2019ANPP, Monsieur Cherif Delih a pr\u00e9sent\u00e9 une communication dans laquelle il a abord\u00e9 l\u2019\u00e9tat d\u2019avancement, les d\u00e9lais de r\u00e9alisation et les principaux objectifs du projet, notamment le renforcement des capacit\u00e9s mat\u00e9rielles de l\u2019ANPP dans le domaine du contr\u00f4le des Produits Pharmaceutiques et des Dispositifs m\u00e9dicaux.<\/p>\n\n\n<div class=\"wp-block-image\">\n<figure class=\"alignleft size-large is-resized\"><img loading=\"lazy\" decoding=\"async\" src=\"https:\/\/anpp.dz\/wp-content\/uploads\/2023\/06\/IMG_1742-1024x654.jpg\" alt=\"\" class=\"wp-image-18434\" width=\"259\" height=\"165\" srcset=\"https:\/\/anpp.dz\/wp-content\/uploads\/2023\/06\/IMG_1742-1024x654.jpg 1024w, https:\/\/anpp.dz\/wp-content\/uploads\/2023\/06\/IMG_1742-300x192.jpg 300w, https:\/\/anpp.dz\/wp-content\/uploads\/2023\/06\/IMG_1742-768x491.jpg 768w, https:\/\/anpp.dz\/wp-content\/uploads\/2023\/06\/IMG_1742-1536x981.jpg 1536w, https:\/\/anpp.dz\/wp-content\/uploads\/2023\/06\/IMG_1742-2048x1308.jpg 2048w, https:\/\/anpp.dz\/wp-content\/uploads\/2023\/06\/IMG_1742-310x198.jpg 310w\" sizes=\"auto, (max-width: 259px) 100vw, 259px\" \/><\/figure>\n<\/div>\n\n\n<p>   Par la suite, la parole a \u00e9t\u00e9 accord\u00e9 \u00e0 Madame l\u2019Ambassadeur d\u2019Allemagne en Alg\u00e9rie qui a soulign\u00e9 l\u2019importance de ce projet dans le renforcement des secteurs de la sant\u00e9 et des produits pharmaceutiques mais aussi dans la consolidation des relations de coop\u00e9ration entre les deux pays.<\/p>\n\n\n\n<p>   Quant \u00e0 Madame la repr\u00e9sentante r\u00e9sidente du PNUD en Alg\u00e9rie, elle a tenue \u00e0 exprimer sa volont\u00e9 et celle de son \u00e9quipe \u00e0 fournir tous les efforts n\u00e9cessaires pour la r\u00e9alisation et la mise en \u0153uvre de ce projet en se dotant des meilleures pratiques et comp\u00e9tences.<\/p>\n","protected":false},"excerpt":{"rendered":"<p>Dans le cadre du projet \u00abAppui aux secteurs de la Sant\u00e9 et de l\u2019industrie Pharmaceutique dans la lutte contre La Covid-19\u00bb financ\u00e9 par le gouvernement f\u00e9d\u00e9ral d\u2019Allemagne et pilot\u00e9 par le PNUD Alg\u00e9rie, visant la r\u00e9habilitation des salles blanches de l\u2019Agence Nationale des Produits Pharmaceutiques, une r\u00e9union s\u2019est tenue hier le 08 juin 2023, au [&hellip;]<\/p>\n","protected":false},"author":3,"featured_media":18435,"comment_status":"open","ping_status":"open","sticky":false,"template":"","format":"standard","meta":{"footnotes":""},"categories":[1],"tags":[138,139,137],"class_list":["post-18432","post","type-post","status-publish","format-standard","has-post-thumbnail","hentry","category-1","tag-anpp","tag-cooperation","tag-pnud"],"_links":{"self":[{"href":"https:\/\/anpp.dz\/fr\/wp-json\/wp\/v2\/posts\/18432","targetHints":{"allow":["GET"]}}],"collection":[{"href":"https:\/\/anpp.dz\/fr\/wp-json\/wp\/v2\/posts"}],"about":[{"href":"https:\/\/anpp.dz\/fr\/wp-json\/wp\/v2\/types\/post"}],"author":[{"embeddable":true,"href":"https:\/\/anpp.dz\/fr\/wp-json\/wp\/v2\/users\/3"}],"replies":[{"embeddable":true,"href":"https:\/\/anpp.dz\/fr\/wp-json\/wp\/v2\/comments?post=18432"}],"version-history":[{"count":1,"href":"https:\/\/anpp.dz\/fr\/wp-json\/wp\/v2\/posts\/18432\/revisions"}],"predecessor-version":[{"id":18436,"href":"https:\/\/anpp.dz\/fr\/wp-json\/wp\/v2\/posts\/18432\/revisions\/18436"}],"wp:featuredmedia":[{"embeddable":true,"href":"https:\/\/anpp.dz\/fr\/wp-json\/wp\/v2\/media\/18435"}],"wp:attachment":[{"href":"https:\/\/anpp.dz\/fr\/wp-json\/wp\/v2\/media?parent=18432"}],"wp:term":[{"taxonomy":"category","embeddable":true,"href":"https:\/\/anpp.dz\/fr\/wp-json\/wp\/v2\/categories?post=18432"},{"taxonomy":"post_tag","embeddable":true,"href":"https:\/\/anpp.dz\/fr\/wp-json\/wp\/v2\/tags?post=18432"}],"curies":[{"name":"wp","href":"https:\/\/api.w.org\/{rel}","templated":true}]}}