{"id":18427,"date":"2023-06-06T10:39:14","date_gmt":"2023-06-06T09:39:14","guid":{"rendered":"https:\/\/anpp.dz\/?p=18427"},"modified":"2023-06-19T11:00:34","modified_gmt":"2023-06-19T10:00:34","slug":"cooperation-anpp-anmat","status":"publish","type":"post","link":"https:\/\/anpp.dz\/fr\/cooperation-anpp-anmat\/","title":{"rendered":"coop\u00e9ration ANPP-ANMAT:"},"content":{"rendered":"<div class=\"wp-block-image\">\n<figure class=\"alignleft size-large is-resized\"><img loading=\"lazy\" decoding=\"async\" src=\"https:\/\/anpp.dz\/wp-content\/uploads\/2023\/06\/2-1024x665.jpg\" alt=\"\" class=\"wp-image-18429\" width=\"327\" height=\"212\" srcset=\"https:\/\/anpp.dz\/wp-content\/uploads\/2023\/06\/2-1024x665.jpg 1024w, https:\/\/anpp.dz\/wp-content\/uploads\/2023\/06\/2-300x195.jpg 300w, https:\/\/anpp.dz\/wp-content\/uploads\/2023\/06\/2-768x499.jpg 768w, https:\/\/anpp.dz\/wp-content\/uploads\/2023\/06\/2-1536x998.jpg 1536w, https:\/\/anpp.dz\/wp-content\/uploads\/2023\/06\/2-2048x1331.jpg 2048w, https:\/\/anpp.dz\/wp-content\/uploads\/2023\/06\/2-310x201.jpg 310w\" sizes=\"auto, (max-width: 327px) 100vw, 327px\" \/><\/figure>\n<\/div>\n\n\n<p>  Dans le cadre du renforcement de la coop\u00e9ration Alg\u00e9ro-Argentine dans le domaine pharmaceutique, le Directeur G\u00e9n\u00e9ral de l\u2019Agence Nationale des Produits Pharmaceutiques, Monsieur Cherif DELIH, a re\u00e7u hier le 05 juin 2023, au si\u00e8ge de l\u2019ANPP, les repr\u00e9sentants de l\u2019Administration Nationale Argentine du M\u00e9dicament et des Aliments et de la Technologie et les repr\u00e9sentants de l\u2019ambassade Argentine en Alg\u00e9rie, afin de discuter des axes de coop\u00e9ration d\u2019int\u00e9r\u00eats communs entre les deux parties, notamment l&#8217;enregistrement des produits pharmaceutiques et l&#8217;homologation des Dispositifs m\u00e9dicaux.<\/p>\n\n\n\n<p>  La rencontre a \u00e9t\u00e9 cl\u00f4tur\u00e9e par une visite des deux parties aux diff\u00e9rentes directions techniques de l\u2019ANPP.<\/p>\n","protected":false},"excerpt":{"rendered":"<p>Dans le cadre du renforcement de la coop\u00e9ration Alg\u00e9ro-Argentine dans le domaine pharmaceutique, le Directeur G\u00e9n\u00e9ral de l\u2019Agence Nationale des Produits Pharmaceutiques, Monsieur Cherif DELIH, a re\u00e7u hier le 05 juin 2023, au si\u00e8ge de l\u2019ANPP, les repr\u00e9sentants de l\u2019Administration Nationale Argentine du M\u00e9dicament et des Aliments et de la Technologie et les repr\u00e9sentants de [&hellip;]<\/p>\n","protected":false},"author":3,"featured_media":18428,"comment_status":"open","ping_status":"open","sticky":false,"template":"","format":"standard","meta":{"footnotes":""},"categories":[1],"tags":[155,164,165,139],"class_list":["post-18427","post","type-post","status-publish","format-standard","has-post-thumbnail","hentry","category-1","tag-algerie","tag-anpp-anmat","tag-argentine","tag-cooperation"],"_links":{"self":[{"href":"https:\/\/anpp.dz\/fr\/wp-json\/wp\/v2\/posts\/18427","targetHints":{"allow":["GET"]}}],"collection":[{"href":"https:\/\/anpp.dz\/fr\/wp-json\/wp\/v2\/posts"}],"about":[{"href":"https:\/\/anpp.dz\/fr\/wp-json\/wp\/v2\/types\/post"}],"author":[{"embeddable":true,"href":"https:\/\/anpp.dz\/fr\/wp-json\/wp\/v2\/users\/3"}],"replies":[{"embeddable":true,"href":"https:\/\/anpp.dz\/fr\/wp-json\/wp\/v2\/comments?post=18427"}],"version-history":[{"count":2,"href":"https:\/\/anpp.dz\/fr\/wp-json\/wp\/v2\/posts\/18427\/revisions"}],"predecessor-version":[{"id":18431,"href":"https:\/\/anpp.dz\/fr\/wp-json\/wp\/v2\/posts\/18427\/revisions\/18431"}],"wp:featuredmedia":[{"embeddable":true,"href":"https:\/\/anpp.dz\/fr\/wp-json\/wp\/v2\/media\/18428"}],"wp:attachment":[{"href":"https:\/\/anpp.dz\/fr\/wp-json\/wp\/v2\/media?parent=18427"}],"wp:term":[{"taxonomy":"category","embeddable":true,"href":"https:\/\/anpp.dz\/fr\/wp-json\/wp\/v2\/categories?post=18427"},{"taxonomy":"post_tag","embeddable":true,"href":"https:\/\/anpp.dz\/fr\/wp-json\/wp\/v2\/tags?post=18427"}],"curies":[{"name":"wp","href":"https:\/\/api.w.org\/{rel}","templated":true}]}}