{"id":18334,"date":"2023-01-30T13:59:31","date_gmt":"2023-01-30T12:59:31","guid":{"rendered":"https:\/\/anpp.dz\/?p=18334"},"modified":"2023-06-18T16:02:00","modified_gmt":"2023-06-18T15:02:00","slug":"cooperation-anpp-pnud","status":"publish","type":"post","link":"https:\/\/anpp.dz\/fr\/cooperation-anpp-pnud\/","title":{"rendered":"Coop\u00e9ration ANPP-PNUD:"},"content":{"rendered":"\n<p>\u2022 Dans le cadre du renforcement des capacit\u00e9s du Syst\u00e8me National dans sa lutte contre la pand\u00e9mie du COVID19, le Gouvernement F\u00e9d\u00e9ral Allemand a octroy\u00e9 un don \u00e0 travers la KFW, pour la r\u00e9alisation du projet \u00ab Appui aux secteurs de la Sant\u00e9 et de l\u2019industrie Pharmaceutique dans la lutte contre La Covid-19 \u00bb, en collaboration avec le PNUD Alg\u00e9rie, charg\u00e9 de la mise-en-\u0153uvre de ce projet strat\u00e9gique et l\u2019application des meilleures pratiques globales.<\/p>\n\n\n\n<p>\u2022 A cet effet une r\u00e9union du Comit\u00e9 de pilotage du projet, s\u2019est tenue le 29 janvier 2023, au si\u00e8ge de l\u2019Agence Nationale des Produits Pharmaceutiques, afin d&#8217;\u00e9valuer l\u2019\u00e9tat d\u2019avancement de la r\u00e9habilitation des salles blanches pour les laboratoires de l\u2019ANPP.<\/p>\n\n\n<div class=\"wp-block-image\">\n<figure class=\"alignright size-full is-resized\"><img loading=\"lazy\" decoding=\"async\" src=\"https:\/\/anpp.dz\/wp-content\/uploads\/2023\/06\/328241173_852553715975622_1840315289824533582_n-1.jpg\" alt=\"\" class=\"wp-image-18339\" width=\"419\" height=\"236\" srcset=\"https:\/\/anpp.dz\/wp-content\/uploads\/2023\/06\/328241173_852553715975622_1840315289824533582_n-1.jpg 600w, https:\/\/anpp.dz\/wp-content\/uploads\/2023\/06\/328241173_852553715975622_1840315289824533582_n-1-300x169.jpg 300w, https:\/\/anpp.dz\/wp-content\/uploads\/2023\/06\/328241173_852553715975622_1840315289824533582_n-1-310x175.jpg 310w\" sizes=\"auto, (max-width: 419px) 100vw, 419px\" \/><\/figure>\n<\/div>\n\n\n<p>\u2022 Etaient pr\u00e9sents :<\/p>\n\n\n\n<p>&#8211; Le repr\u00e9sentant du Minist\u00e8re des affaires \u00e9trang\u00e8res ;<\/p>\n\n\n\n<p>&#8211; Le repr\u00e9sentant du Minist\u00e8re de l\u2019Industrie Pharmaceutique ;<\/p>\n\n\n\n<p>&#8211; Le Docteur Cherif DELIH \u00ab Directeur National du Projet \u00bb ;<\/p>\n\n\n\n<p>&#8211; Les repr\u00e9sentants du PNUD.<\/p>\n\n\n\n<p>&#8211; Les repr\u00e9sentants de l&#8217;ANPP.<\/p>\n","protected":false},"excerpt":{"rendered":"<p>\u2022 Dans le cadre du renforcement des capacit\u00e9s du Syst\u00e8me National dans sa lutte contre la pand\u00e9mie du COVID19, le Gouvernement F\u00e9d\u00e9ral Allemand a octroy\u00e9 un don \u00e0 travers la KFW, pour la r\u00e9alisation du projet \u00ab Appui aux secteurs de la Sant\u00e9 et de l\u2019industrie Pharmaceutique dans la lutte contre La Covid-19 \u00bb, en [&hellip;]<\/p>\n","protected":false},"author":3,"featured_media":18338,"comment_status":"open","ping_status":"open","sticky":false,"template":"","format":"standard","meta":{"footnotes":""},"categories":[1],"tags":[138,139,137],"class_list":["post-18334","post","type-post","status-publish","format-standard","has-post-thumbnail","hentry","category-1","tag-anpp","tag-cooperation","tag-pnud"],"_links":{"self":[{"href":"https:\/\/anpp.dz\/fr\/wp-json\/wp\/v2\/posts\/18334","targetHints":{"allow":["GET"]}}],"collection":[{"href":"https:\/\/anpp.dz\/fr\/wp-json\/wp\/v2\/posts"}],"about":[{"href":"https:\/\/anpp.dz\/fr\/wp-json\/wp\/v2\/types\/post"}],"author":[{"embeddable":true,"href":"https:\/\/anpp.dz\/fr\/wp-json\/wp\/v2\/users\/3"}],"replies":[{"embeddable":true,"href":"https:\/\/anpp.dz\/fr\/wp-json\/wp\/v2\/comments?post=18334"}],"version-history":[{"count":3,"href":"https:\/\/anpp.dz\/fr\/wp-json\/wp\/v2\/posts\/18334\/revisions"}],"predecessor-version":[{"id":18410,"href":"https:\/\/anpp.dz\/fr\/wp-json\/wp\/v2\/posts\/18334\/revisions\/18410"}],"wp:featuredmedia":[{"embeddable":true,"href":"https:\/\/anpp.dz\/fr\/wp-json\/wp\/v2\/media\/18338"}],"wp:attachment":[{"href":"https:\/\/anpp.dz\/fr\/wp-json\/wp\/v2\/media?parent=18334"}],"wp:term":[{"taxonomy":"category","embeddable":true,"href":"https:\/\/anpp.dz\/fr\/wp-json\/wp\/v2\/categories?post=18334"},{"taxonomy":"post_tag","embeddable":true,"href":"https:\/\/anpp.dz\/fr\/wp-json\/wp\/v2\/tags?post=18334"}],"curies":[{"name":"wp","href":"https:\/\/api.w.org\/{rel}","templated":true}]}}