{"id":18205,"date":"2023-05-22T11:09:00","date_gmt":"2023-05-22T10:09:00","guid":{"rendered":"https:\/\/anpp.dz\/?p=18205"},"modified":"2023-06-19T11:19:58","modified_gmt":"2023-06-19T10:19:58","slug":"la-participation-de-lanpp-a-la-retraite-annuelle-du-pnud","status":"publish","type":"post","link":"https:\/\/anpp.dz\/fr\/la-participation-de-lanpp-a-la-retraite-annuelle-du-pnud\/","title":{"rendered":"L&#8217;ANPP \u00e0 la retraite annuelle du PNUD:"},"content":{"rendered":"\n<p>L\u2019Agence Nationale des Produits Pharmaceutiques a \u00e9t\u00e9 convi\u00e9e \u00e0 prendre part \u00e0 la retraite annuelle du PNUD, qui s\u2019est d\u00e9roul\u00e9e du 14 au 18 mai 2023, \u00e0 Constantine, en pr\u00e9sence, notamment :<\/p>\n\n\n\n<p><img loading=\"lazy\" decoding=\"async\" height=\"16\" width=\"16\" alt=\"\u25aa\ufe0f\" src=\"https:\/\/static.xx.fbcdn.net\/images\/emoji.php\/v9\/t4c\/1\/16\/25aa.png\">Au titre du PNUD :<\/p>\n\n\n\n<p>&#8211; Mr Alejandro ALVAREZ, Le coordonnateur r\u00e9sident des nations unies en Alg\u00e9rie ;<\/p>\n\n\n\n<p>&#8211; Mr Abdallah DARDARI, L\u2019assistant secr\u00e9taire g\u00e9n\u00e9ral et Directeur du PNUD pour la r\u00e9gion arabe ;<\/p>\n\n\n\n<p>&#8211; Mme Blerta ALIKO, La repr\u00e9sentante r\u00e9sidente du PNUD en Alg\u00e9rie ;<\/p>\n\n\n\n<p>&#8211; Les repr\u00e9sentants du PNUD Alg\u00e9rie ;<\/p>\n\n\n\n<p><img loading=\"lazy\" decoding=\"async\" height=\"16\" width=\"16\" alt=\"\u25aa\ufe0f\" src=\"https:\/\/static.xx.fbcdn.net\/images\/emoji.php\/v9\/t4c\/1\/16\/25aa.png\">Au titre des institutions Alg\u00e9riennes :<\/p>\n\n\n\n<p>&#8211; Mr Hocine MEZOUED, Directeur des relations \u00e9conomiques et de la coop\u00e9ration internationale, de la Direction G\u00e9n\u00e9rale des relations Multilat\u00e9rales (Minist\u00e8re des Affaires \u00e9trang\u00e8res) ;<\/p>\n\n\n\n<p>&#8211; Les Directeurs et Directrices Nationaux des Projets (DNP) ;<\/p>\n\n\n\n<p>Dans ce cadre le Directeur G\u00e9n\u00e9ral de l\u2019ANPP, Monsieur Cherif DELIH a intervenu lors de la session d\u00e9di\u00e9e aux directeurs et directrices de projets \u00e0 propos du projet intitul\u00e9 \u00ab Appui aux secteurs de la Sant\u00e9 et de l\u2019industrie Pharmaceutique dans la lutte contre La Covid-19 \u00bb.<\/p>\n\n\n\n<p>Par ailleurs, Une visite a \u00e9t\u00e9 effectu\u00e9e par Monsieur Cherif Delih et les cadres de l\u2019ANPP en compagnie des repr\u00e9sentants du PNUD et des institutions Alg\u00e9riennes, au niveau de l\u2019annexe de l\u2019ANPP \u00e0 Constantine, en vue de discuter des nouveaux projets en perspective de coop\u00e9ration entre l\u2019ANPP et le PNUD.<\/p>\n\n\n\n<div class=\"wp-block-columns is-layout-flex wp-container-core-columns-is-layout-9d6595d7 wp-block-columns-is-layout-flex\">\n<div class=\"wp-block-column is-layout-flow wp-block-column-is-layout-flow\">\n<figure class=\"wp-block-image size-full is-resized\"><img loading=\"lazy\" decoding=\"async\" src=\"https:\/\/anpp.dz\/wp-content\/uploads\/2023\/05\/348585194_1294645668135440_4258220949922960622_n.jpg\" alt=\"\" class=\"wp-image-18210\" width=\"272\" height=\"151\" srcset=\"https:\/\/anpp.dz\/wp-content\/uploads\/2023\/05\/348585194_1294645668135440_4258220949922960622_n.jpg 1000w, https:\/\/anpp.dz\/wp-content\/uploads\/2023\/05\/348585194_1294645668135440_4258220949922960622_n-300x167.jpg 300w, https:\/\/anpp.dz\/wp-content\/uploads\/2023\/05\/348585194_1294645668135440_4258220949922960622_n-768x427.jpg 768w, https:\/\/anpp.dz\/wp-content\/uploads\/2023\/05\/348585194_1294645668135440_4258220949922960622_n-310x172.jpg 310w\" sizes=\"auto, (max-width: 272px) 100vw, 272px\" \/><\/figure>\n<\/div>\n\n\n\n<div class=\"wp-block-column is-layout-flow wp-block-column-is-layout-flow\">\n<figure class=\"wp-block-image size-large\"><img loading=\"lazy\" decoding=\"async\" width=\"1024\" height=\"757\" src=\"https:\/\/anpp.dz\/wp-content\/uploads\/2023\/05\/348431063_3488539394722052_1079220719604185326_n-1024x757.jpg\" alt=\"\" class=\"wp-image-18212\" srcset=\"https:\/\/anpp.dz\/wp-content\/uploads\/2023\/05\/348431063_3488539394722052_1079220719604185326_n-1024x757.jpg 1024w, https:\/\/anpp.dz\/wp-content\/uploads\/2023\/05\/348431063_3488539394722052_1079220719604185326_n-300x222.jpg 300w, https:\/\/anpp.dz\/wp-content\/uploads\/2023\/05\/348431063_3488539394722052_1079220719604185326_n-768x567.jpg 768w, https:\/\/anpp.dz\/wp-content\/uploads\/2023\/05\/348431063_3488539394722052_1079220719604185326_n-310x229.jpg 310w, https:\/\/anpp.dz\/wp-content\/uploads\/2023\/05\/348431063_3488539394722052_1079220719604185326_n.jpg 1114w\" sizes=\"auto, (max-width: 1024px) 100vw, 1024px\" \/><\/figure>\n<\/div>\n\n\n\n<div class=\"wp-block-column is-layout-flow wp-block-column-is-layout-flow\">\n<figure class=\"wp-block-image size-full is-resized\"><img loading=\"lazy\" decoding=\"async\" src=\"https:\/\/anpp.dz\/wp-content\/uploads\/2023\/05\/348816083_939591513829078_1364553276870355519_n.jpg\" alt=\"\" class=\"wp-image-18211\" width=\"305\" height=\"148\" srcset=\"https:\/\/anpp.dz\/wp-content\/uploads\/2023\/05\/348816083_939591513829078_1364553276870355519_n.jpg 999w, https:\/\/anpp.dz\/wp-content\/uploads\/2023\/05\/348816083_939591513829078_1364553276870355519_n-300x146.jpg 300w, https:\/\/anpp.dz\/wp-content\/uploads\/2023\/05\/348816083_939591513829078_1364553276870355519_n-768x374.jpg 768w, https:\/\/anpp.dz\/wp-content\/uploads\/2023\/05\/348816083_939591513829078_1364553276870355519_n-992x486.jpg 992w, https:\/\/anpp.dz\/wp-content\/uploads\/2023\/05\/348816083_939591513829078_1364553276870355519_n-310x151.jpg 310w\" sizes=\"auto, (max-width: 305px) 100vw, 305px\" \/><\/figure>\n<\/div>\n<\/div>\n","protected":false},"excerpt":{"rendered":"<p>L\u2019Agence Nationale des Produits Pharmaceutiques a \u00e9t\u00e9 convi\u00e9e \u00e0 prendre part \u00e0 la retraite annuelle du PNUD, qui s\u2019est d\u00e9roul\u00e9e du 14 au 18 mai 2023, \u00e0 Constantine, en pr\u00e9sence, notamment : Au titre du PNUD : &#8211; Mr Alejandro ALVAREZ, Le coordonnateur r\u00e9sident des nations unies en Alg\u00e9rie ; &#8211; Mr Abdallah DARDARI, L\u2019assistant [&hellip;]<\/p>\n","protected":false},"author":3,"featured_media":18206,"comment_status":"open","ping_status":"open","sticky":false,"template":"","format":"standard","meta":{"footnotes":""},"categories":[1],"tags":[145,139,137,142],"class_list":["post-18205","post","type-post","status-publish","format-standard","has-post-thumbnail","hentry","category-1","tag-constantine","tag-cooperation","tag-pnud","tag-visite"],"_links":{"self":[{"href":"https:\/\/anpp.dz\/fr\/wp-json\/wp\/v2\/posts\/18205","targetHints":{"allow":["GET"]}}],"collection":[{"href":"https:\/\/anpp.dz\/fr\/wp-json\/wp\/v2\/posts"}],"about":[{"href":"https:\/\/anpp.dz\/fr\/wp-json\/wp\/v2\/types\/post"}],"author":[{"embeddable":true,"href":"https:\/\/anpp.dz\/fr\/wp-json\/wp\/v2\/users\/3"}],"replies":[{"embeddable":true,"href":"https:\/\/anpp.dz\/fr\/wp-json\/wp\/v2\/comments?post=18205"}],"version-history":[{"count":7,"href":"https:\/\/anpp.dz\/fr\/wp-json\/wp\/v2\/posts\/18205\/revisions"}],"predecessor-version":[{"id":20288,"href":"https:\/\/anpp.dz\/fr\/wp-json\/wp\/v2\/posts\/18205\/revisions\/20288"}],"wp:featuredmedia":[{"embeddable":true,"href":"https:\/\/anpp.dz\/fr\/wp-json\/wp\/v2\/media\/18206"}],"wp:attachment":[{"href":"https:\/\/anpp.dz\/fr\/wp-json\/wp\/v2\/media?parent=18205"}],"wp:term":[{"taxonomy":"category","embeddable":true,"href":"https:\/\/anpp.dz\/fr\/wp-json\/wp\/v2\/categories?post=18205"},{"taxonomy":"post_tag","embeddable":true,"href":"https:\/\/anpp.dz\/fr\/wp-json\/wp\/v2\/tags?post=18205"}],"curies":[{"name":"wp","href":"https:\/\/api.w.org\/{rel}","templated":true}]}}