{"id":17798,"date":"2022-09-18T10:59:21","date_gmt":"2022-09-18T09:59:21","guid":{"rendered":"http:\/\/anpp.wp\/?p=17798"},"modified":"2024-05-08T10:34:54","modified_gmt":"2024-05-08T09:34:54","slug":"visite-de-monsieur-le-ministre-mr-ali-aoun-a-lagence","status":"publish","type":"post","link":"https:\/\/anpp.dz\/fr\/visite-de-monsieur-le-ministre-mr-ali-aoun-a-lagence\/","title":{"rendered":"Visite de Monsieur le Ministre Mr Ali Aoun \u00e0 l&#8217;Agence"},"content":{"rendered":"\n<p><img loading=\"lazy\" decoding=\"async\" height=\"16\" width=\"16\" src=\"https:\/\/static.xx.fbcdn.net\/images\/emoji.php\/v9\/t38\/1.5\/16\/2747.png\" alt=\"\u2747\ufe0f\"> Le Ministre de l\u2019industrie pharmaceutique Mr Ali Aoun poursuit ses visites de travail et d\u2019inspection aupr\u00e8s des \u00e9tablissements sous tutelle, avec une visite, ce dimanche 18 septembre 2022, de l\u2019Agence Nationale des Produits Pharmaceutique.<\/p>\n\n\n\n<p><img loading=\"lazy\" decoding=\"async\" height=\"16\" width=\"16\" src=\"https:\/\/static.xx.fbcdn.net\/images\/emoji.php\/v9\/t38\/1.5\/16\/2747.png\" alt=\"\u2747\ufe0f\"> Accompagn\u00e9 du Directeur G\u00e9n\u00e9ral de l\u2019Agence Nationale des Produits Pharmaceutique par int\u00e9rim et des cadres du Minist\u00e8re , Cette visite a permis \u00e0 Mr le Ministre de l\u2019Industrie Pharmaceutique d\u2019appr\u00e9cier l\u2019organisation et le fonctionnement de l\u2019Agence Nationale des Produits Pharmaceutiques ainsi que les \u00e9quipements et les infrastructures mis \u00e0 la disposition des techniciens et des employ\u00e9s de l\u2019Anpp pour l\u2019exercice de leurs missions.<\/p>\n\n\n\n<p><img loading=\"lazy\" decoding=\"async\" height=\"16\" width=\"16\" src=\"https:\/\/static.xx.fbcdn.net\/images\/emoji.php\/v9\/t38\/1.5\/16\/2747.png\" alt=\"\u2747\ufe0f\"> Par la suite, le Ministre de l\u2019Industrie Pharmaceutique a pr\u00e9sid\u00e9 une r\u00e9union de travail avec les cadres de l\u2019Agence, o\u00f9 il a rappel\u00e9 le r\u00f4le pivot de l\u2019ANPP dans la promotion de la production pharmaceutique nationale \u00e0 travers l\u2019accompagnement qu\u2019elle offre et le soutiens qu\u2019elle accorde aux diff\u00e9rents op\u00e9rateurs pharmaceutiques,<\/p>\n\n\n\n<p><img loading=\"lazy\" decoding=\"async\" height=\"16\" width=\"16\" alt=\"\u2747\ufe0f\" src=\"https:\/\/static.xx.fbcdn.net\/images\/emoji.php\/v9\/t38\/1.5\/16\/2747.png\"> \u00c0 cet effet, Monsieur le Ministre a donn\u00e9 des instructions claires pour la lev\u00e9e imm\u00e9diate de tous les obstacles qui se dressent devant les producteurs et qui freinent le d\u00e9veloppement de leurs projets notamment au niveau de l\u2019enregistrement des m\u00e9dicaments et l\u2019homologation des dispositifs m\u00e9dicaux<\/p>\n\n\n\n<p><img loading=\"lazy\" decoding=\"async\" height=\"16\" width=\"16\" alt=\"\u2747\ufe0f\" src=\"https:\/\/static.xx.fbcdn.net\/images\/emoji.php\/v9\/t38\/1.5\/16\/2747.png\"> Il a \u00e9galement instruit les Directeurs de traiter avec plus de c\u00e9l\u00e9rit\u00e9 et d\u2019efficacit\u00e9, dans la cadre de la r\u00e9glementation, les dossiers en instance et de trouver les voies et les moyens \u00e0 m\u00eame de fluidifier les proc\u00e9dures d\u2019enregistrement et d\u2019homologation afin de lib\u00e9rer et promouvoir l\u2019investissement productif.<\/p>\n\n\n\n<p><img loading=\"lazy\" decoding=\"async\" height=\"16\" width=\"16\" alt=\"\u2747\ufe0f\" src=\"https:\/\/static.xx.fbcdn.net\/images\/emoji.php\/v9\/t38\/1.5\/16\/2747.png\"> Enfin Mr Ministre a accord\u00e9 un int\u00e9r\u00eat particulier \u00e0 la formation continue des techniciens et des experts de l\u2019ANPP pour leurs permettre d\u2019actualiser et d\u2019approfondir leurs connaissances et de valoriser leurs comp\u00e9tences dans l\u2019int\u00e9r\u00eat de l\u2019industrie pharmaceutique nationale et la prise en charge th\u00e9rapeutique des patients<\/p>\n","protected":false},"excerpt":{"rendered":"<p>Le Ministre de l\u2019industrie pharmaceutique Mr Ali Aoun poursuit ses visites de travail et d\u2019inspection aupr\u00e8s des \u00e9tablissements sous tutelle, avec une visite, ce dimanche 18 septembre 2022, de l\u2019Agence Nationale des Produits Pharmaceutique. Accompagn\u00e9 du Directeur G\u00e9n\u00e9ral de l\u2019Agence Nationale des Produits Pharmaceutique par int\u00e9rim et des cadres du Minist\u00e8re , Cette visite a [&hellip;]<\/p>\n","protected":false},"author":3,"featured_media":17799,"comment_status":"open","ping_status":"open","sticky":false,"template":"","format":"standard","meta":{"footnotes":""},"categories":[303],"tags":[141,142],"class_list":["post-17798","post","type-post","status-publish","format-standard","has-post-thumbnail","hentry","category-non-classe","tag-ministre","tag-visite"],"_links":{"self":[{"href":"https:\/\/anpp.dz\/fr\/wp-json\/wp\/v2\/posts\/17798","targetHints":{"allow":["GET"]}}],"collection":[{"href":"https:\/\/anpp.dz\/fr\/wp-json\/wp\/v2\/posts"}],"about":[{"href":"https:\/\/anpp.dz\/fr\/wp-json\/wp\/v2\/types\/post"}],"author":[{"embeddable":true,"href":"https:\/\/anpp.dz\/fr\/wp-json\/wp\/v2\/users\/3"}],"replies":[{"embeddable":true,"href":"https:\/\/anpp.dz\/fr\/wp-json\/wp\/v2\/comments?post=17798"}],"version-history":[{"count":3,"href":"https:\/\/anpp.dz\/fr\/wp-json\/wp\/v2\/posts\/17798\/revisions"}],"predecessor-version":[{"id":17803,"href":"https:\/\/anpp.dz\/fr\/wp-json\/wp\/v2\/posts\/17798\/revisions\/17803"}],"wp:featuredmedia":[{"embeddable":true,"href":"https:\/\/anpp.dz\/fr\/wp-json\/wp\/v2\/media\/17799"}],"wp:attachment":[{"href":"https:\/\/anpp.dz\/fr\/wp-json\/wp\/v2\/media?parent=17798"}],"wp:term":[{"taxonomy":"category","embeddable":true,"href":"https:\/\/anpp.dz\/fr\/wp-json\/wp\/v2\/categories?post=17798"},{"taxonomy":"post_tag","embeddable":true,"href":"https:\/\/anpp.dz\/fr\/wp-json\/wp\/v2\/tags?post=17798"}],"curies":[{"name":"wp","href":"https:\/\/api.w.org\/{rel}","templated":true}]}}